{"id":1950,"date":"2018-03-05T11:11:42","date_gmt":"2018-03-05T10:11:42","guid":{"rendered":"https:\/\/www.sui4616.ch\/?p=1950"},"modified":"2018-03-05T11:11:42","modified_gmt":"2018-03-05T10:11:42","slug":"opening-hours-during-holidays-2","status":"publish","type":"post","link":"https:\/\/www.sui4616.ch\/en\/opening-hours-during-holidays-2\/","title":{"rendered":"The season starts!"},"content":{"rendered":"<p>[et_pb_section bb_built=&#8221;1&#8243;][et_pb_row][et_pb_column type=&#8221;1_2&#8243;][et_pb_text _builder_version=&#8221;3.0.89&#8243; background_layout=&#8221;light&#8221;]<\/p>\n<p>The spring is coming! Our shop is therefore open at normal opening hours:<\/p>\n<p><span id=\"result_box\" class=\"\" lang=\"en\"><strong><span class=\"\">Tuesday to Friday: 10am &#8211; 12am \/ 1pm &#8211; 6:30pm<\/span><\/strong><\/span><\/p>\n<p><strong><span class=\"\">Saturday: 9:30am &#8211; 5<\/span>pm<\/strong><\/p>\n<p>We are looking forward to seeing you again for this new season!<\/p>\n<p>[\/et_pb_text][\/et_pb_column][et_pb_column type=&#8221;1_2&#8243;][et_pb_image _builder_version=&#8221;3.0.89&#8243; src=&#8221;https:\/\/www.sui4616.ch\/wp-content\/uploads\/2018\/03\/SUI4616-Shop-\u00a9-Sylvain-Fasel.jpg&#8221; show_in_lightbox=&#8221;off&#8221; url_new_window=&#8221;off&#8221; use_overlay=&#8221;off&#8221; always_center_on_mobile=&#8221;on&#8221; force_fullwidth=&#8221;off&#8221; show_bottom_space=&#8221;on&#8221; \/][\/et_pb_column][\/et_pb_row][\/et_pb_section]<\/p>\n","protected":false},"excerpt":{"rendered":"<p><div class=\"et_pb_row et_pb_row_0 et_pb_row_empty\">\n\t\t\t\t\n\t\t\t\t\n\t\t\t\t\n\t\t\t\t\n\t\t\t\t\n\t\t\t<\/div> The spring is coming! Our shop is therefore open at normal opening hours: Tuesday to Friday: 10am &#8211; 12am \/ 1pm &#8211; 6:30pm Saturday: 9:30am &#8211; 5pm We are looking forward to seeing you again for this new season!<\/p>\n","protected":false},"author":2,"featured_media":1919,"comment_status":"closed","ping_status":"open","sticky":false,"template":"","format":"standard","meta":{"_et_pb_use_builder":"on","_et_pb_old_content":"<p>[et_pb_section bb_built=\"1\"][et_pb_row][et_pb_column type=\"4_4\"][et_pb_text]<\/p><p>Profitez des quelques jours restants avant No\u00ebl pour venir d\u00e9couvrir les nombreux articles d\u00e9di\u00e9s \u00e0 la pratique de votre sport nautique favoris. Des id\u00e9es cadeaux originales pour faire plaisir \u00e0 votre marin pr\u00e9f\u00e9r\u00e9!<\/p><p>Notre magasin sera ferm\u00e9 du samedi 23 d\u00e9cembre au lundi 15 janvier 2018 inclus.<\/p><p>D\u00e8s le mardi 16 janvier 2018, notre magasin sera ouvert selon les horaires hivernaux habituels:<\/p><p>Du mardi au vendredi, de 13h30 \u00e0 18h30.<\/p><p>[\/et_pb_text][\/et_pb_column][\/et_pb_row][\/et_pb_section]<\/p>","_et_gb_content_width":"","_mi_skip_tracking":false},"categories":[19],"tags":[],"acf":[],"_links":{"self":[{"href":"https:\/\/www.sui4616.ch\/en\/wp-json\/wp\/v2\/posts\/1950"}],"collection":[{"href":"https:\/\/www.sui4616.ch\/en\/wp-json\/wp\/v2\/posts"}],"about":[{"href":"https:\/\/www.sui4616.ch\/en\/wp-json\/wp\/v2\/types\/post"}],"author":[{"embeddable":true,"href":"https:\/\/www.sui4616.ch\/en\/wp-json\/wp\/v2\/users\/2"}],"replies":[{"embeddable":true,"href":"https:\/\/www.sui4616.ch\/en\/wp-json\/wp\/v2\/comments?post=1950"}],"version-history":[{"count":8,"href":"https:\/\/www.sui4616.ch\/en\/wp-json\/wp\/v2\/posts\/1950\/revisions"}],"predecessor-version":[{"id":1961,"href":"https:\/\/www.sui4616.ch\/en\/wp-json\/wp\/v2\/posts\/1950\/revisions\/1961"}],"wp:featuredmedia":[{"embeddable":true,"href":"https:\/\/www.sui4616.ch\/en\/wp-json\/wp\/v2\/media\/1919"}],"wp:attachment":[{"href":"https:\/\/www.sui4616.ch\/en\/wp-json\/wp\/v2\/media?parent=1950"}],"wp:term":[{"taxonomy":"category","embeddable":true,"href":"https:\/\/www.sui4616.ch\/en\/wp-json\/wp\/v2\/categories?post=1950"},{"taxonomy":"post_tag","embeddable":true,"href":"https:\/\/www.sui4616.ch\/en\/wp-json\/wp\/v2\/tags?post=1950"}],"curies":[{"name":"wp","href":"https:\/\/api.w.org\/{rel}","templated":true}]}}