{"id":4807,"date":"2025-03-06T16:31:16","date_gmt":"2025-03-06T15:31:16","guid":{"rendered":"https:\/\/www.sui4616.ch\/?p=4807"},"modified":"2025-03-06T16:31:21","modified_gmt":"2025-03-06T15:31:21","slug":"new-season-2023-2-3-2-2-2-2-2-2-2","status":"publish","type":"post","link":"https:\/\/www.sui4616.ch\/en\/new-season-2023-2-3-2-2-2-2-2-2-2\/","title":{"rendered":"2025 SEASON !!!"},"content":{"rendered":"<p>[et_pb_section fb_built=&#8221;1&#8243; _builder_version=&#8221;4.16&#8243; global_colors_info=&#8221;{}&#8221;][et_pb_row column_structure=&#8221;1_2,1_2&#8243; _builder_version=&#8221;4.20.4&#8243; background_size=&#8221;initial&#8221; background_position=&#8221;top_left&#8221; background_repeat=&#8221;repeat&#8221; global_colors_info=&#8221;{}&#8221;][et_pb_column type=&#8221;1_2&#8243; _builder_version=&#8221;4.16&#8243; custom_padding=&#8221;|||&#8221; global_colors_info=&#8221;{}&#8221; custom_padding__hover=&#8221;|||&#8221;][et_pb_text admin_label=&#8221;Text&#8221; _builder_version=&#8221;4.20.4&#8243; hover_enabled=&#8221;0&#8243; z_index_tablet=&#8221;500&#8243; global_colors_info=&#8221;{}&#8221; sticky_enabled=&#8221;0&#8243;]SUI 46\u00b016\u2032 is happy to announce that our store in Mies is now open during regular season hours:<\/p>\n<p>Monday to Friday, from 10am to 12pm and from 1pm to 6:30pm<\/p>\n<p>Saturday, from 9:30am to 5pm<\/p>\n<p>Come and discover our new products for 2025 : clothing, maintenance products, mooring lines, antifouling, hardware, rigging, accessories\u2026<\/p>\n<p>Our team will be delighted to welcome you and to help you with your nautical projects.<br \/>\n[\/et_pb_text][\/et_pb_column][et_pb_column type=&#8221;1_2&#8243; _builder_version=&#8221;4.16&#8243; custom_padding=&#8221;|||&#8221; global_colors_info=&#8221;{}&#8221; custom_padding__hover=&#8221;|||&#8221;][et_pb_image src=&#8221;https:\/\/www.sui4616.ch\/wp-content\/uploads\/2024\/03\/Horaires-EN.png&#8221; title_text=&#8221;Horaires EN&#8221; align_tablet=&#8221;center&#8221; align_phone=&#8221;&#8221; align_last_edited=&#8221;on|desktop&#8221; admin_label=&#8221;Image&#8221; _builder_version=&#8221;4.20.4&#8243; hover_enabled=&#8221;0&#8243; z_index_tablet=&#8221;500&#8243; global_colors_info=&#8221;{}&#8221; sticky_enabled=&#8221;0&#8243;][\/et_pb_image][\/et_pb_column][\/et_pb_row][\/et_pb_section]<\/p>\n","protected":false},"excerpt":{"rendered":"<p>SUI 46\u00b016\u2032 is happy to announce that our store in Mies is now open during regular season hours: Monday to Friday, from 10am to 12pm and from 1pm to 6:30pm Saturday, from 9:30am to 5pm Come and discover our new products for 2025 : clothing, maintenance products, mooring lines, antifouling, hardware, rigging, accessories\u2026 Our team [&hellip;]<\/p>\n","protected":false},"author":4,"featured_media":0,"comment_status":"closed","ping_status":"open","sticky":false,"template":"","format":"standard","meta":{"_et_pb_use_builder":"on","_et_pb_old_content":"<p><img class=\"alignright size-medium wp-image-2120\" src=\"https:\/\/www.sui4616.ch\/wp-content\/uploads\/2019\/03\/greg_toubel--300x190.jpg\" alt=\"\" width=\"300\" height=\"190\" \/>Gr\u00e9goire remplace Fanny au magasin.<\/p><p>Passionn\u00e9 de voile - notamment cata de sport - et ancien moniteur, Greg a rejoint l'\u00e9quipe fin F\u00e9vrier.<\/p><p>Breton d'origine, install\u00e9 en Suisse depuis 8 ans, il travaillait pr\u00e9c\u00e9demment au sein du groupe Forward Sailing. Il poss\u00e8de une bonne expertise nautique, notamment pour tout ce qui concerne les \u00e9quipements techniques et textile.<\/p><p>Il se fera un plaisir de vous accueillir au shop, et vous conseillera au mieux dans vos divers projets nautiques.<\/p><p>\u00a0<\/p>","_et_gb_content_width":"","_mi_skip_tracking":false},"categories":[19],"tags":[],"acf":[],"_links":{"self":[{"href":"https:\/\/www.sui4616.ch\/en\/wp-json\/wp\/v2\/posts\/4807"}],"collection":[{"href":"https:\/\/www.sui4616.ch\/en\/wp-json\/wp\/v2\/posts"}],"about":[{"href":"https:\/\/www.sui4616.ch\/en\/wp-json\/wp\/v2\/types\/post"}],"author":[{"embeddable":true,"href":"https:\/\/www.sui4616.ch\/en\/wp-json\/wp\/v2\/users\/4"}],"replies":[{"embeddable":true,"href":"https:\/\/www.sui4616.ch\/en\/wp-json\/wp\/v2\/comments?post=4807"}],"version-history":[{"count":3,"href":"https:\/\/www.sui4616.ch\/en\/wp-json\/wp\/v2\/posts\/4807\/revisions"}],"predecessor-version":[{"id":4816,"href":"https:\/\/www.sui4616.ch\/en\/wp-json\/wp\/v2\/posts\/4807\/revisions\/4816"}],"wp:attachment":[{"href":"https:\/\/www.sui4616.ch\/en\/wp-json\/wp\/v2\/media?parent=4807"}],"wp:term":[{"taxonomy":"category","embeddable":true,"href":"https:\/\/www.sui4616.ch\/en\/wp-json\/wp\/v2\/categories?post=4807"},{"taxonomy":"post_tag","embeddable":true,"href":"https:\/\/www.sui4616.ch\/en\/wp-json\/wp\/v2\/tags?post=4807"}],"curies":[{"name":"wp","href":"https:\/\/api.w.org\/{rel}","templated":true}]}}